{"id":1065,"date":"2017-05-22T21:57:22","date_gmt":"2017-05-22T21:57:22","guid":{"rendered":"http:\/\/osmosefilmes.com.br\/site\/?p=1065"},"modified":"2017-05-22T21:57:22","modified_gmt":"2017-05-22T21:57:22","slug":"exibicao-do-filme-deixa-na-regua-no-bairro-vargem-grande","status":"publish","type":"post","link":"http:\/\/osmosefilmes.com.br\/site\/?p=1065","title":{"rendered":"EXIBI\u00c7\u00c3O DO FILME <i>DEIXA NA R\u00c9GUA<\/i> NO BAIRRO VARGEM GRANDE"},"content":{"rendered":"<p><a href=\"http:\/\/osmosefilmes.com.br\/site\/?attachment_id=1066\" rel=\"attachment wp-att-1066\"><img loading=\"lazy\" class=\"alignnone size-large wp-image-1066\" alt=\"18671540_1372835662783039_8544004815066386182_o\" src=\"http:\/\/osmosefilmes.com.br\/site\/wp-content\/uploads\/2017\/05\/18671540_1372835662783039_8544004815066386182_o-1024x724.jpg\" width=\"604\" height=\"427\" srcset=\"http:\/\/osmosefilmes.com.br\/site\/wp-content\/uploads\/2017\/05\/18671540_1372835662783039_8544004815066386182_o-1024x724.jpg 1024w, http:\/\/osmosefilmes.com.br\/site\/wp-content\/uploads\/2017\/05\/18671540_1372835662783039_8544004815066386182_o-150x106.jpg 150w, http:\/\/osmosefilmes.com.br\/site\/wp-content\/uploads\/2017\/05\/18671540_1372835662783039_8544004815066386182_o-300x212.jpg 300w, http:\/\/osmosefilmes.com.br\/site\/wp-content\/uploads\/2017\/05\/18671540_1372835662783039_8544004815066386182_o.jpg 2048w\" sizes=\"(max-width: 604px) 100vw, 604px\" \/><\/a><\/p>\n<p>Quinta-feira (25\/05) tem exibi\u00e7\u00e3o do filme <i>Deixa Na R\u00e9gua<\/i> \u00e0s 19h com presen\u00e7a do diretor Em\u00edlio Domingos na <a href=\"https:\/\/www.facebook.com\/projetocinemao\/?fref=mentions\">Mostra Cinem\u00e3o &#8220;\u00c9 Tudo Ca\u00f4&#8221;<\/a>.<br \/>\nLocal: Escola Te\u00f3filo Moreira (R. Esperan\u00e7a, 387 &#8211; Vargem Grande, Rio de Janeiro &#8211; RJ, 22785-590)<\/p>\n<p>Entrada Gratuita<\/p>\n<p>Para mais informa\u00e7\u00f5es sobre o evento <a href=\" https:\/\/www.facebook.com\/projetocinemao\/?fref=mentions\">clique aqui<\/a>.<br \/>\nQuer saber onde ser\u00e3o as pr\u00f3ximas exibi\u00e7\u00f5es do filme? Curta e acompanhe tamb\u00e9m nossa p\u00e1gina\u00a0<a href=\" https:\/\/www.facebook.com\/deixanaregua\/?fref=ts\">Deixa Na R\u00e9gua<\/a>.<\/p>\n","protected":false},"excerpt":{"rendered":"<p>Quinta-feira (25\/05) tem exibi\u00e7\u00e3o do filme <i>Deixa Na R\u00e9gua<\/i> na Mostra Cinem\u00e3o &#8220;\u00c9 Tudo Ca\u00f4&#8221;<\/p>\n","protected":false},"author":1,"featured_media":0,"comment_status":"open","ping_status":"open","sticky":false,"template":"","format":"standard","meta":[],"categories":[4],"tags":[],"_links":{"self":[{"href":"http:\/\/osmosefilmes.com.br\/site\/index.php?rest_route=\/wp\/v2\/posts\/1065"}],"collection":[{"href":"http:\/\/osmosefilmes.com.br\/site\/index.php?rest_route=\/wp\/v2\/posts"}],"about":[{"href":"http:\/\/osmosefilmes.com.br\/site\/index.php?rest_route=\/wp\/v2\/types\/post"}],"author":[{"embeddable":true,"href":"http:\/\/osmosefilmes.com.br\/site\/index.php?rest_route=\/wp\/v2\/users\/1"}],"replies":[{"embeddable":true,"href":"http:\/\/osmosefilmes.com.br\/site\/index.php?rest_route=%2Fwp%2Fv2%2Fcomments&post=1065"}],"version-history":[{"count":1,"href":"http:\/\/osmosefilmes.com.br\/site\/index.php?rest_route=\/wp\/v2\/posts\/1065\/revisions"}],"predecessor-version":[{"id":1067,"href":"http:\/\/osmosefilmes.com.br\/site\/index.php?rest_route=\/wp\/v2\/posts\/1065\/revisions\/1067"}],"wp:attachment":[{"href":"http:\/\/osmosefilmes.com.br\/site\/index.php?rest_route=%2Fwp%2Fv2%2Fmedia&parent=1065"}],"wp:term":[{"taxonomy":"category","embeddable":true,"href":"http:\/\/osmosefilmes.com.br\/site\/index.php?rest_route=%2Fwp%2Fv2%2Fcategories&post=1065"},{"taxonomy":"post_tag","embeddable":true,"href":"http:\/\/osmosefilmes.com.br\/site\/index.php?rest_route=%2Fwp%2Fv2%2Ftags&post=1065"}],"curies":[{"name":"wp","href":"https:\/\/api.w.org\/{rel}","templated":true}]}}