{"id":1077,"date":"2017-06-07T16:31:04","date_gmt":"2017-06-07T16:31:04","guid":{"rendered":"http:\/\/osmosefilmes.com.br\/site\/?p=1077"},"modified":"2017-06-07T16:31:04","modified_gmt":"2017-06-07T16:31:04","slug":"exibicao-do-filme-a-batalha-do-passinho-em-seropedica","status":"publish","type":"post","link":"http:\/\/osmosefilmes.com.br\/site\/?p=1077","title":{"rendered":"EXIBI\u00c7\u00c3O DO FILME <i>A BATALHA DO PASSINHO<\/i> EM SEROP\u00c9DICA"},"content":{"rendered":"<p><a href=\"http:\/\/osmosefilmes.com.br\/site\/?attachment_id=490\" rel=\"attachment wp-att-490\"><img loading=\"lazy\" class=\"alignnone size-large wp-image-490\" alt=\"cropped-cartaz_CINEMA-web-1.jpg\" src=\"http:\/\/osmosefilmes.com.br\/site\/wp-content\/uploads\/2017\/03\/cropped-cartaz_CINEMA-web-1-718x1024.jpg\" width=\"604\" height=\"861\" srcset=\"http:\/\/osmosefilmes.com.br\/site\/wp-content\/uploads\/2017\/03\/cropped-cartaz_CINEMA-web-1-718x1024.jpg 718w, http:\/\/osmosefilmes.com.br\/site\/wp-content\/uploads\/2017\/03\/cropped-cartaz_CINEMA-web-1-210x300.jpg 210w, http:\/\/osmosefilmes.com.br\/site\/wp-content\/uploads\/2017\/03\/cropped-cartaz_CINEMA-web-1.jpg 1000w\" sizes=\"(max-width: 604px) 100vw, 604px\" \/><\/a><\/p>\n<p>Ter\u00e7a-feira (20\/06) tem exibi\u00e7\u00e3o do filme <i>A Batalha Do Passinho<\/i> \u00e0s 19h com presen\u00e7a do diretor Em\u00edlio Domingos, no <a href=\" https:\/\/www.facebook.com\/CineCasulo-UFRRJ-1709123986033803\/\">CineCasulo<\/a>, cineclube semanal da Universidade Federal Rural do Rio de Janeiro (UFRRJ).<\/p>\n<p>Local: Audit\u00f3rio Gustavo Dutra na Universidade Federal Rural do Rio de Janeiro (Rodovia BR 465, Km 07, s\/n &#8211; Zona Rural, Serop\u00e9dica &#8211; RJ, 23890-000)<\/p>\n<p>Entrada Gratuita<\/p>\n<p>Quer saber onde ser\u00e3o as pr\u00f3ximas exibi\u00e7\u00f5es do filme? Curta e acompanhe tamb\u00e9m nossa p\u00e1gina\u00a0<a href=\" https:\/\/www.facebook.com\/ABatalhaDoPassinhoOFilme\/\">A Batalha Do Passinho<\/a>.<\/p>\n","protected":false},"excerpt":{"rendered":"<p>Ter\u00e7a-feira (20\/06) tem exibi\u00e7\u00e3o do filme <i>A Batalha do Passinho<\/i> no Cinecasulo.<\/p>\n","protected":false},"author":1,"featured_media":0,"comment_status":"open","ping_status":"open","sticky":false,"template":"","format":"standard","meta":[],"categories":[4],"tags":[],"_links":{"self":[{"href":"http:\/\/osmosefilmes.com.br\/site\/index.php?rest_route=\/wp\/v2\/posts\/1077"}],"collection":[{"href":"http:\/\/osmosefilmes.com.br\/site\/index.php?rest_route=\/wp\/v2\/posts"}],"about":[{"href":"http:\/\/osmosefilmes.com.br\/site\/index.php?rest_route=\/wp\/v2\/types\/post"}],"author":[{"embeddable":true,"href":"http:\/\/osmosefilmes.com.br\/site\/index.php?rest_route=\/wp\/v2\/users\/1"}],"replies":[{"embeddable":true,"href":"http:\/\/osmosefilmes.com.br\/site\/index.php?rest_route=%2Fwp%2Fv2%2Fcomments&post=1077"}],"version-history":[{"count":2,"href":"http:\/\/osmosefilmes.com.br\/site\/index.php?rest_route=\/wp\/v2\/posts\/1077\/revisions"}],"predecessor-version":[{"id":1079,"href":"http:\/\/osmosefilmes.com.br\/site\/index.php?rest_route=\/wp\/v2\/posts\/1077\/revisions\/1079"}],"wp:attachment":[{"href":"http:\/\/osmosefilmes.com.br\/site\/index.php?rest_route=%2Fwp%2Fv2%2Fmedia&parent=1077"}],"wp:term":[{"taxonomy":"category","embeddable":true,"href":"http:\/\/osmosefilmes.com.br\/site\/index.php?rest_route=%2Fwp%2Fv2%2Fcategories&post=1077"},{"taxonomy":"post_tag","embeddable":true,"href":"http:\/\/osmosefilmes.com.br\/site\/index.php?rest_route=%2Fwp%2Fv2%2Ftags&post=1077"}],"curies":[{"name":"wp","href":"https:\/\/api.w.org\/{rel}","templated":true}]}}