{"id":1085,"date":"2017-06-14T13:50:45","date_gmt":"2017-06-14T13:50:45","guid":{"rendered":"http:\/\/osmosefilmes.com.br\/site\/?p=1085"},"modified":"2017-06-14T13:51:26","modified_gmt":"2017-06-14T13:51:26","slug":"exibicao-do-filme-deixa-na-regua-no-rio-de-janeiro","status":"publish","type":"post","link":"http:\/\/osmosefilmes.com.br\/site\/?p=1085","title":{"rendered":"EXIBI\u00c7\u00c3O DO FILME <i>DEIXA NA R\u00c9GUA<\/i> NO RIO DE JANEIRO"},"content":{"rendered":"<p><a href=\"http:\/\/osmosefilmes.com.br\/site\/?attachment_id=533\" rel=\"attachment wp-att-533\"><img loading=\"lazy\" class=\"alignnone size-full wp-image-533\" alt=\"belo visual\" src=\"http:\/\/osmosefilmes.com.br\/site\/wp-content\/uploads\/2017\/03\/belo-visual.jpg\" width=\"1000\" height=\"667\" srcset=\"http:\/\/osmosefilmes.com.br\/site\/wp-content\/uploads\/2017\/03\/belo-visual.jpg 1000w, http:\/\/osmosefilmes.com.br\/site\/wp-content\/uploads\/2017\/03\/belo-visual-300x200.jpg 300w, http:\/\/osmosefilmes.com.br\/site\/wp-content\/uploads\/2017\/03\/belo-visual-449x300.jpg 449w\" sizes=\"(max-width: 1000px) 100vw, 1000px\" \/><\/a><\/p>\n<p>Hoje (14\/06) tem exibi\u00e7\u00e3o do filme <i>Deixa Na R\u00e9gua<\/i> \u00e0s 18h30 com presen\u00e7a do diretor Em\u00edlio Domingos na <a href=\"https:\/\/www.facebook.com\/events\/1865881773678043\/?acontext=%7B%22ref%22%3A%2229%22%2C%22ref_notif_type%22%3A%22event_aggregate%22%2C%22action_history%22%3A%22null%22%7D&amp;notif_t=event_aggregate&amp;notif_id=1497438224718990\">Escola de Comunica\u00e7\u00e3o da Universidade Federal do Rio de Janeiro &#8211; ECO\/UFRJ<\/a>.<br \/>\nLocal: Escola de Comunica\u00e7\u00e3o &#8211; UFRJ Campus Praia Vermelha (Av. Pasteur, 250 &#8211; Praia Vermelha, Rio de Janeiro &#8211; RJ, 22290-240)<\/p>\n<p>Entrada Gratuita<\/p>\n<p>Para mais informa\u00e7\u00f5es sobre o evento <a href=\" https:\/\/www.facebook.com\/events\/1865881773678043\/?acontext=%7B%22ref%22%3A%2229%22%2C%22ref_notif_type%22%3A%22event_aggregate%22%2C%22action_history%22%3A%22null%22%7D&amp;notif_t=event_aggregate&amp;notif_id=1497438224718990\">clique aqui<\/a>.<br \/>\nQuer saber onde ser\u00e3o as pr\u00f3ximas exibi\u00e7\u00f5es do filme? Curta e acompanhe tamb\u00e9m nossa p\u00e1gina\u00a0<a href=\" https:\/\/www.facebook.com\/deixanaregua\/?fref=ts\">Deixa Na R\u00e9gua<\/a>.<\/p>\n","protected":false},"excerpt":{"rendered":"<p>Hoje (14\/06) tem exibi\u00e7\u00e3o do filme <i>Deixa Na R\u00e9gua<\/i> na Escola de Comunica\u00e7\u00e3o da UFRJ.<\/p>\n","protected":false},"author":1,"featured_media":0,"comment_status":"open","ping_status":"open","sticky":false,"template":"","format":"standard","meta":[],"categories":[4],"tags":[],"_links":{"self":[{"href":"http:\/\/osmosefilmes.com.br\/site\/index.php?rest_route=\/wp\/v2\/posts\/1085"}],"collection":[{"href":"http:\/\/osmosefilmes.com.br\/site\/index.php?rest_route=\/wp\/v2\/posts"}],"about":[{"href":"http:\/\/osmosefilmes.com.br\/site\/index.php?rest_route=\/wp\/v2\/types\/post"}],"author":[{"embeddable":true,"href":"http:\/\/osmosefilmes.com.br\/site\/index.php?rest_route=\/wp\/v2\/users\/1"}],"replies":[{"embeddable":true,"href":"http:\/\/osmosefilmes.com.br\/site\/index.php?rest_route=%2Fwp%2Fv2%2Fcomments&post=1085"}],"version-history":[{"count":2,"href":"http:\/\/osmosefilmes.com.br\/site\/index.php?rest_route=\/wp\/v2\/posts\/1085\/revisions"}],"predecessor-version":[{"id":1087,"href":"http:\/\/osmosefilmes.com.br\/site\/index.php?rest_route=\/wp\/v2\/posts\/1085\/revisions\/1087"}],"wp:attachment":[{"href":"http:\/\/osmosefilmes.com.br\/site\/index.php?rest_route=%2Fwp%2Fv2%2Fmedia&parent=1085"}],"wp:term":[{"taxonomy":"category","embeddable":true,"href":"http:\/\/osmosefilmes.com.br\/site\/index.php?rest_route=%2Fwp%2Fv2%2Fcategories&post=1085"},{"taxonomy":"post_tag","embeddable":true,"href":"http:\/\/osmosefilmes.com.br\/site\/index.php?rest_route=%2Fwp%2Fv2%2Ftags&post=1085"}],"curies":[{"name":"wp","href":"https:\/\/api.w.org\/{rel}","templated":true}]}}