{"id":1097,"date":"2017-06-28T10:48:18","date_gmt":"2017-06-28T10:48:18","guid":{"rendered":"http:\/\/osmosefilmes.com.br\/site\/?p=1097"},"modified":"2017-06-27T17:55:38","modified_gmt":"2017-06-27T17:55:38","slug":"exibicao-do-filme-deixa-na-regua-no-museu-do-amanha","status":"publish","type":"post","link":"http:\/\/osmosefilmes.com.br\/site\/?p=1097","title":{"rendered":"EXIBI\u00c7\u00c3O DO FILME <i>DEIXA NA R\u00c9GUA<\/i> NO MUSEU DO AMANH\u00c3"},"content":{"rendered":"<p><a href=\"http:\/\/osmosefilmes.com.br\/site\/?attachment_id=1098\" rel=\"attachment wp-att-1098\"><img loading=\"lazy\" class=\"alignnone size-large wp-image-1098\" alt=\"cartaz_deixa_na_reguamicro\" src=\"http:\/\/osmosefilmes.com.br\/site\/wp-content\/uploads\/2017\/06\/cartaz_deixa_na_reguamicro-716x1024.jpg\" width=\"604\" height=\"863\" srcset=\"http:\/\/osmosefilmes.com.br\/site\/wp-content\/uploads\/2017\/06\/cartaz_deixa_na_reguamicro-716x1024.jpg 716w, http:\/\/osmosefilmes.com.br\/site\/wp-content\/uploads\/2017\/06\/cartaz_deixa_na_reguamicro-104x150.jpg 104w, http:\/\/osmosefilmes.com.br\/site\/wp-content\/uploads\/2017\/06\/cartaz_deixa_na_reguamicro-209x300.jpg 209w, http:\/\/osmosefilmes.com.br\/site\/wp-content\/uploads\/2017\/06\/cartaz_deixa_na_reguamicro.jpg 800w\" sizes=\"(max-width: 604px) 100vw, 604px\" \/><\/a><\/p>\n<p>Sexta-feira, 30\/06, no <a href=\"https:\/\/www.facebook.com\/museudoamanha\/\">Museu do Amanh\u00e3<\/a>, come\u00e7a a 1\u00aa edi\u00e7\u00e3o do <a href=\"https:\/\/museudoamanha.org.br\/pt-br\/vivencias-corpo-homem\">Viv\u00eancias do Tempo<\/a>, que abre com o tema Matriz Africana em suas mais diferentes dimens\u00f5es, e tivemos a honra de ser convidado para exibir o Deixa Na R\u00e9gua como filme de abertura. A sess\u00e3o est\u00e1 marcada para \u00e0s 14h e contar\u00e1 com a presen\u00e7a do diretor Em\u00edlio Domingos.<\/p>\n<p>Para mais informa\u00e7\u00f5es sobre o evento <a href=\"https:\/\/museudoamanha.org.br\/pt-br\/vivencias-corpo-homem\">clique aqui<\/a>.<br \/>\nQuer saber onde ser\u00e3o as pr\u00f3ximas exibi\u00e7\u00f5es do filme? Curta e acompanhe tamb\u00e9m nossa p\u00e1gina <a href=\"https:\/\/www.facebook.com\/deixanaregua\/\">Deixa Na R\u00e9gua<\/a>.<\/p>\n","protected":false},"excerpt":{"rendered":"<p>Sexta-feira (30\/06) tem exibi\u00e7\u00e3o do filme <i>Deixa Na R\u00e9gua<\/i> no Viv\u00eancias do Tempo.<\/p>\n","protected":false},"author":1,"featured_media":0,"comment_status":"open","ping_status":"open","sticky":false,"template":"","format":"standard","meta":[],"categories":[4],"tags":[],"_links":{"self":[{"href":"http:\/\/osmosefilmes.com.br\/site\/index.php?rest_route=\/wp\/v2\/posts\/1097"}],"collection":[{"href":"http:\/\/osmosefilmes.com.br\/site\/index.php?rest_route=\/wp\/v2\/posts"}],"about":[{"href":"http:\/\/osmosefilmes.com.br\/site\/index.php?rest_route=\/wp\/v2\/types\/post"}],"author":[{"embeddable":true,"href":"http:\/\/osmosefilmes.com.br\/site\/index.php?rest_route=\/wp\/v2\/users\/1"}],"replies":[{"embeddable":true,"href":"http:\/\/osmosefilmes.com.br\/site\/index.php?rest_route=%2Fwp%2Fv2%2Fcomments&post=1097"}],"version-history":[{"count":1,"href":"http:\/\/osmosefilmes.com.br\/site\/index.php?rest_route=\/wp\/v2\/posts\/1097\/revisions"}],"predecessor-version":[{"id":1099,"href":"http:\/\/osmosefilmes.com.br\/site\/index.php?rest_route=\/wp\/v2\/posts\/1097\/revisions\/1099"}],"wp:attachment":[{"href":"http:\/\/osmosefilmes.com.br\/site\/index.php?rest_route=%2Fwp%2Fv2%2Fmedia&parent=1097"}],"wp:term":[{"taxonomy":"category","embeddable":true,"href":"http:\/\/osmosefilmes.com.br\/site\/index.php?rest_route=%2Fwp%2Fv2%2Fcategories&post=1097"},{"taxonomy":"post_tag","embeddable":true,"href":"http:\/\/osmosefilmes.com.br\/site\/index.php?rest_route=%2Fwp%2Fv2%2Ftags&post=1097"}],"curies":[{"name":"wp","href":"https:\/\/api.w.org\/{rel}","templated":true}]}}