{"id":1169,"date":"2017-09-02T22:58:46","date_gmt":"2017-09-02T22:58:46","guid":{"rendered":"http:\/\/osmosefilmes.com.br\/site\/?p=1169"},"modified":"2017-09-06T14:39:47","modified_gmt":"2017-09-06T14:39:47","slug":"deixa-na-regua-no-encontro-de-cinema-negro-zozimo-bulbul-brasil-africa-e-caribe","status":"publish","type":"post","link":"http:\/\/osmosefilmes.com.br\/site\/?p=1169","title":{"rendered":"<i>DEIXA NA R\u00c9GUA<\/i> NO ENCONTRO DE CINEMA NEGRO Z\u00d3ZIMO BULBUL \u2013 BRASIL, \u00c1FRICA E CARIBE"},"content":{"rendered":"<p><a href=\"http:\/\/osmosefilmes.com.br\/site\/?attachment_id=1171\" rel=\"attachment wp-att-1171\"><img loading=\"lazy\" class=\"size-full wp-image-1171 aligncenter\" alt=\"zozimo\" src=\"http:\/\/osmosefilmes.com.br\/site\/wp-content\/uploads\/2017\/08\/zozimo.png\" width=\"350\" height=\"266\" srcset=\"http:\/\/osmosefilmes.com.br\/site\/wp-content\/uploads\/2017\/08\/zozimo.png 350w, http:\/\/osmosefilmes.com.br\/site\/wp-content\/uploads\/2017\/08\/zozimo-150x114.png 150w, http:\/\/osmosefilmes.com.br\/site\/wp-content\/uploads\/2017\/08\/zozimo-300x228.png 300w\" sizes=\"(max-width: 350px) 100vw, 350px\" \/><\/a><\/p>\n<p>O filme <a href=\"https:\/\/www.facebook.com\/deixanaregua\/\">Deixa Na R\u00e9gua<\/a> foi selecionado para o <a href=\"http:\/\/afrocariocadecinema.org.br\/encontro-de-cinema-negro-zozimo-bulbul-brasil-africa-e-caribe\/\">Encontro de Cinema Negro Z\u00f3zimo Bulbul \u2013 Brasil, \u00c1frica e Caribe<\/a> que nesta edi\u00e7\u00e3o completa 10 anos e comemora 80 anos de Z\u00f3zimo Bulbul (in memorian). O evento ser\u00e1 entre dos dias 30\/08 e 09\/09 no Rio de Janeiro.<\/p>\n<p>Confira abaixo data, local e hora das sess\u00f5es:<\/p>\n<ul>\n<li>05\/09 &#8211; <a href=\"https:\/\/www.facebook.com\/CineOdeon\/?hc_ref=ARRpC5TwFrVilCMcitDYV1LJXks1UlLog0vSZ6INKg3u3_ifB86iT6dxthzYnB1Vz_0\">Cinema Odeon<\/a> \u00e0s 21h<\/li>\n<li>08\/09 &#8211; <a href=\"https:\/\/www.facebook.com\/museudeartedorio\/\">MAR<\/a> \u00e0s 16h30<\/li>\n<\/ul>\n<p>Veja a <a href=\"http:\/\/afrocariocadecinema.org.br\/os-encontros\/programacao-encontro-de-cinema-negro-zozimo-bulbul-brasil-africa-e-caribe-10-anos\/\">programa\u00e7\u00e3o completa aqui<\/a>.<\/p>\n","protected":false},"excerpt":{"rendered":"<p>05\/09 &#8211; Cinema Odeon \u00e0s  21h<br \/>\n08\/09 &#8211; MAR \u00e0s 16h30<\/p>\n","protected":false},"author":1,"featured_media":0,"comment_status":"open","ping_status":"open","sticky":false,"template":"","format":"standard","meta":[],"categories":[4],"tags":[],"_links":{"self":[{"href":"http:\/\/osmosefilmes.com.br\/site\/index.php?rest_route=\/wp\/v2\/posts\/1169"}],"collection":[{"href":"http:\/\/osmosefilmes.com.br\/site\/index.php?rest_route=\/wp\/v2\/posts"}],"about":[{"href":"http:\/\/osmosefilmes.com.br\/site\/index.php?rest_route=\/wp\/v2\/types\/post"}],"author":[{"embeddable":true,"href":"http:\/\/osmosefilmes.com.br\/site\/index.php?rest_route=\/wp\/v2\/users\/1"}],"replies":[{"embeddable":true,"href":"http:\/\/osmosefilmes.com.br\/site\/index.php?rest_route=%2Fwp%2Fv2%2Fcomments&post=1169"}],"version-history":[{"count":4,"href":"http:\/\/osmosefilmes.com.br\/site\/index.php?rest_route=\/wp\/v2\/posts\/1169\/revisions"}],"predecessor-version":[{"id":1177,"href":"http:\/\/osmosefilmes.com.br\/site\/index.php?rest_route=\/wp\/v2\/posts\/1169\/revisions\/1177"}],"wp:attachment":[{"href":"http:\/\/osmosefilmes.com.br\/site\/index.php?rest_route=%2Fwp%2Fv2%2Fmedia&parent=1169"}],"wp:term":[{"taxonomy":"category","embeddable":true,"href":"http:\/\/osmosefilmes.com.br\/site\/index.php?rest_route=%2Fwp%2Fv2%2Fcategories&post=1169"},{"taxonomy":"post_tag","embeddable":true,"href":"http:\/\/osmosefilmes.com.br\/site\/index.php?rest_route=%2Fwp%2Fv2%2Ftags&post=1169"}],"curies":[{"name":"wp","href":"https:\/\/api.w.org\/{rel}","templated":true}]}}