{"id":1179,"date":"2017-09-06T14:48:58","date_gmt":"2017-09-06T14:48:58","guid":{"rendered":"http:\/\/osmosefilmes.com.br\/site\/?p=1179"},"modified":"2017-09-06T14:49:35","modified_gmt":"2017-09-06T14:49:35","slug":"deixa-na-regua-no-encontro-de-cinema-negro-zozimo-bulbul-brasil-africa-e-caribe-2","status":"publish","type":"post","link":"http:\/\/osmosefilmes.com.br\/site\/?p=1179","title":{"rendered":"<i>DEIXA NA R\u00c9GUA<\/i> NO ENCONTRO DE CINEMA NEGRO Z\u00d3ZIMO BULBUL \u2013 BRASIL, \u00c1FRICA E CARIBE"},"content":{"rendered":"<p style=\"text-align: center;\"><a href=\"http:\/\/osmosefilmes.com.br\/site\/?attachment_id=1181\" rel=\"attachment wp-att-1181\"><img loading=\"lazy\" class=\"alignnone size-large wp-image-1181\" alt=\"emilio\" src=\"http:\/\/osmosefilmes.com.br\/site\/wp-content\/uploads\/2017\/09\/emilio-1024x576.jpg\" width=\"604\" height=\"339\" srcset=\"http:\/\/osmosefilmes.com.br\/site\/wp-content\/uploads\/2017\/09\/emilio-1024x576.jpg 1024w, http:\/\/osmosefilmes.com.br\/site\/wp-content\/uploads\/2017\/09\/emilio-150x84.jpg 150w, http:\/\/osmosefilmes.com.br\/site\/wp-content\/uploads\/2017\/09\/emilio-300x168.jpg 300w, http:\/\/osmosefilmes.com.br\/site\/wp-content\/uploads\/2017\/09\/emilio.jpg 2048w\" sizes=\"(max-width: 604px) 100vw, 604px\" \/><\/a><br \/>\nFoto: Lu\u00edsa Surerus<\/p>\n<p>Ontem estivemos no <strong><a href=\"http:\/\/afrocariocadecinema.org.br\/encontro-de-cinema-negro-zozimo-bulbul-brasil-africa-e-caribe\/\">Encontro de Cinema Negro Z\u00f3zimo Bulbul \u2013 Brasil, \u00c1frica e Caribe &#8211; 10 anos!<\/a><\/strong>, com o <strong><em><a href=\"https:\/\/www.facebook.com\/deixanaregua\/\">Deixa Na R\u00e9gua<\/a><\/em><\/strong>, de Em\u00edlio Domingos, dividindo a noite com o &#8220;Rainha&#8221;, de Sabrina Fidalgo. A sess\u00e3o foi memor\u00e1vel com direto a muitos aplausos!<\/p>\n<p>Pr\u00f3xima sess\u00e3o do <strong><em>Deixa Na R\u00e9gua<\/em><\/strong> no <strong>Encontro de Cinema Negro Z\u00f3zimo Bulbul &#8211; 10 anos!<\/strong> ser\u00e1 na sexta (08\/09) \u00e0s 16:30 no <a href=\"https:\/\/www.facebook.com\/museudeartedorio\/\">Museu de Arte do Rio<\/a>.<\/p>\n<p>Local: Pra\u00e7a Mau\u00e1, 5 &#8211; Centro, Rio de Janeiro &#8211; RJ.<\/p>\n","protected":false},"excerpt":{"rendered":"<p>Noite memor\u00e1vel! Pr\u00f3xima sess\u00e3o dia 08\/09 \u00e0s 16h30.<\/p>\n","protected":false},"author":1,"featured_media":0,"comment_status":"open","ping_status":"open","sticky":false,"template":"","format":"standard","meta":[],"categories":[4],"tags":[],"_links":{"self":[{"href":"http:\/\/osmosefilmes.com.br\/site\/index.php?rest_route=\/wp\/v2\/posts\/1179"}],"collection":[{"href":"http:\/\/osmosefilmes.com.br\/site\/index.php?rest_route=\/wp\/v2\/posts"}],"about":[{"href":"http:\/\/osmosefilmes.com.br\/site\/index.php?rest_route=\/wp\/v2\/types\/post"}],"author":[{"embeddable":true,"href":"http:\/\/osmosefilmes.com.br\/site\/index.php?rest_route=\/wp\/v2\/users\/1"}],"replies":[{"embeddable":true,"href":"http:\/\/osmosefilmes.com.br\/site\/index.php?rest_route=%2Fwp%2Fv2%2Fcomments&post=1179"}],"version-history":[{"count":4,"href":"http:\/\/osmosefilmes.com.br\/site\/index.php?rest_route=\/wp\/v2\/posts\/1179\/revisions"}],"predecessor-version":[{"id":1185,"href":"http:\/\/osmosefilmes.com.br\/site\/index.php?rest_route=\/wp\/v2\/posts\/1179\/revisions\/1185"}],"wp:attachment":[{"href":"http:\/\/osmosefilmes.com.br\/site\/index.php?rest_route=%2Fwp%2Fv2%2Fmedia&parent=1179"}],"wp:term":[{"taxonomy":"category","embeddable":true,"href":"http:\/\/osmosefilmes.com.br\/site\/index.php?rest_route=%2Fwp%2Fv2%2Fcategories&post=1179"},{"taxonomy":"post_tag","embeddable":true,"href":"http:\/\/osmosefilmes.com.br\/site\/index.php?rest_route=%2Fwp%2Fv2%2Ftags&post=1179"}],"curies":[{"name":"wp","href":"https:\/\/api.w.org\/{rel}","templated":true}]}}