{"id":1196,"date":"2017-09-11T14:36:00","date_gmt":"2017-09-11T14:36:00","guid":{"rendered":"http:\/\/osmosefilmes.com.br\/site\/?p=1196"},"modified":"2017-09-12T14:53:27","modified_gmt":"2017-09-12T14:53:27","slug":"sessoes-do-deixa-na-regua-em-sao-paulo","status":"publish","type":"post","link":"http:\/\/osmosefilmes.com.br\/site\/?p=1196","title":{"rendered":"SESS\u00d5ES DO <i>DEIXA NA R\u00c9GUA<\/i> EM S\u00c3O PAULO"},"content":{"rendered":"<p><a href=\"http:\/\/osmosefilmes.com.br\/site\/?attachment_id=1126\" rel=\"attachment wp-att-1126\"><img loading=\"lazy\" class=\"alignnone size-full wp-image-1126\" alt=\"unnamed\" src=\"http:\/\/osmosefilmes.com.br\/site\/wp-content\/uploads\/2017\/08\/unnamed.jpg\" width=\"1024\" height=\"329\" srcset=\"http:\/\/osmosefilmes.com.br\/site\/wp-content\/uploads\/2017\/08\/unnamed.jpg 1024w, http:\/\/osmosefilmes.com.br\/site\/wp-content\/uploads\/2017\/08\/unnamed-150x48.jpg 150w, http:\/\/osmosefilmes.com.br\/site\/wp-content\/uploads\/2017\/08\/unnamed-300x96.jpg 300w\" sizes=\"(max-width: 1024px) 100vw, 1024px\" \/><\/a><\/p>\n<p>A partir de AMANH\u00c3 (12\/09) sess\u00f5es do <strong><em><a href=\"https:\/\/www.facebook.com\/deixanaregua\/\">Deixa Na R\u00e9gua<\/a><\/em><\/strong> em S\u00c3O PAULO!!<\/p>\n<p>Exibi\u00e7\u00e3o do filme e bate-papo com o diretor Em\u00edlio Domingos, no Encontro com Profissional realizado pela <strong><a href=\"https:\/\/www.facebook.com\/fabricasdeculturazl\/\">F\u00e1bricas de Cultura \/Zona Leste<\/a><\/strong>.<\/p>\n<p>Confira abaixo as datas, hor\u00e1rios e locais:<\/p>\n<p style=\"text-align: center;\"><a href=\"http:\/\/osmosefilmes.com.br\/site\/?attachment_id=1201\" rel=\"attachment wp-att-1201\"><img loading=\"lazy\" class=\"alignnone size-large wp-image-1201\" alt=\"CARTAZ (ENCONTRO COM PROFISSIONAL - EMILIO DOMINGOS) - CURUCA\" src=\"http:\/\/osmosefilmes.com.br\/site\/wp-content\/uploads\/2017\/09\/CARTAZ-ENCONTRO-COM-PROFISSIONAL-EMILIO-DOMINGOS-CURUCA-724x1024.jpg\" width=\"604\" height=\"854\" srcset=\"http:\/\/osmosefilmes.com.br\/site\/wp-content\/uploads\/2017\/09\/CARTAZ-ENCONTRO-COM-PROFISSIONAL-EMILIO-DOMINGOS-CURUCA-724x1024.jpg 724w, http:\/\/osmosefilmes.com.br\/site\/wp-content\/uploads\/2017\/09\/CARTAZ-ENCONTRO-COM-PROFISSIONAL-EMILIO-DOMINGOS-CURUCA-106x150.jpg 106w, http:\/\/osmosefilmes.com.br\/site\/wp-content\/uploads\/2017\/09\/CARTAZ-ENCONTRO-COM-PROFISSIONAL-EMILIO-DOMINGOS-CURUCA-212x300.jpg 212w, http:\/\/osmosefilmes.com.br\/site\/wp-content\/uploads\/2017\/09\/CARTAZ-ENCONTRO-COM-PROFISSIONAL-EMILIO-DOMINGOS-CURUCA.jpg 1754w\" sizes=\"(max-width: 604px) 100vw, 604px\" \/><\/a><\/p>\n<p style=\"text-align: center;\">12\/09 \u00e0s 10h30 &#8211; <strong>F\u00e1brica De Cultura Vila Curu\u00e7\u00e1<\/strong><br \/>\nLocal: Rua Pedra Dourada, n\u00ba65 &#8211; Jardim Robr\u00fa<\/p>\n<p style=\"text-align: center;\"><a href=\"http:\/\/osmosefilmes.com.br\/site\/?attachment_id=1198\" rel=\"attachment wp-att-1198\"><img loading=\"lazy\" class=\"alignnone size-large wp-image-1198\" alt=\"CARTAZ (ENCONTRO COM PROFISSIONAL - EMILIO DOMINGOS) - ITAIM\" src=\"http:\/\/osmosefilmes.com.br\/site\/wp-content\/uploads\/2017\/09\/CARTAZ-ENCONTRO-COM-PROFISSIONAL-EMILIO-DOMINGOS-ITAIM-724x1024.jpg\" width=\"604\" height=\"854\" srcset=\"http:\/\/osmosefilmes.com.br\/site\/wp-content\/uploads\/2017\/09\/CARTAZ-ENCONTRO-COM-PROFISSIONAL-EMILIO-DOMINGOS-ITAIM-724x1024.jpg 724w, http:\/\/osmosefilmes.com.br\/site\/wp-content\/uploads\/2017\/09\/CARTAZ-ENCONTRO-COM-PROFISSIONAL-EMILIO-DOMINGOS-ITAIM-106x150.jpg 106w, http:\/\/osmosefilmes.com.br\/site\/wp-content\/uploads\/2017\/09\/CARTAZ-ENCONTRO-COM-PROFISSIONAL-EMILIO-DOMINGOS-ITAIM-212x300.jpg 212w, http:\/\/osmosefilmes.com.br\/site\/wp-content\/uploads\/2017\/09\/CARTAZ-ENCONTRO-COM-PROFISSIONAL-EMILIO-DOMINGOS-ITAIM.jpg 1754w\" sizes=\"(max-width: 604px) 100vw, 604px\" \/><\/a><\/p>\n<p style=\"text-align: center;\">12\/09 \u00e0s 15h00 &#8211; <strong>F\u00e1brica de cultura Itaim Paulista<\/strong><br \/>\nLocal: Rua Estudantes da China, n\u00ba500 &#8211; Encosta Norte<\/p>\n<p style=\"text-align: center;\"><a href=\"http:\/\/osmosefilmes.com.br\/site\/?attachment_id=1200\" rel=\"attachment wp-att-1200\"><img loading=\"lazy\" class=\"alignnone size-large wp-image-1200\" alt=\"CARTAZ (ENCONTRO COM PROFISSIONAL - EMILIO DOMINGOS) - TIRADENTES\" src=\"http:\/\/osmosefilmes.com.br\/site\/wp-content\/uploads\/2017\/09\/CARTAZ-ENCONTRO-COM-PROFISSIONAL-EMILIO-DOMINGOS-TIRADENTES-724x1024.jpg\" width=\"604\" height=\"854\" srcset=\"http:\/\/osmosefilmes.com.br\/site\/wp-content\/uploads\/2017\/09\/CARTAZ-ENCONTRO-COM-PROFISSIONAL-EMILIO-DOMINGOS-TIRADENTES-724x1024.jpg 724w, http:\/\/osmosefilmes.com.br\/site\/wp-content\/uploads\/2017\/09\/CARTAZ-ENCONTRO-COM-PROFISSIONAL-EMILIO-DOMINGOS-TIRADENTES-106x150.jpg 106w, http:\/\/osmosefilmes.com.br\/site\/wp-content\/uploads\/2017\/09\/CARTAZ-ENCONTRO-COM-PROFISSIONAL-EMILIO-DOMINGOS-TIRADENTES-212x300.jpg 212w, http:\/\/osmosefilmes.com.br\/site\/wp-content\/uploads\/2017\/09\/CARTAZ-ENCONTRO-COM-PROFISSIONAL-EMILIO-DOMINGOS-TIRADENTES.jpg 1754w\" sizes=\"(max-width: 604px) 100vw, 604px\" \/><\/a><\/p>\n<p style=\"text-align: center;\">13\/09 \u00e0s 15h30 &#8211; <strong>F\u00e1brica de Cultura Cidade Tiradentes<\/strong><br \/>\nLocal: Rua Henriqueta Noguez Brieba, n\u00ba281 &#8211; Fazenda do Carmo<\/p>\n<p style=\"text-align: center;\"><a href=\"http:\/\/osmosefilmes.com.br\/site\/?attachment_id=1197\" rel=\"attachment wp-att-1197\"><img loading=\"lazy\" class=\"alignnone size-large wp-image-1197\" alt=\"CARTAZ (ENCONTRO COM PROFISSIONAL - EMILIO DOMINGOS) - SAPOPEMBA\" src=\"http:\/\/osmosefilmes.com.br\/site\/wp-content\/uploads\/2017\/09\/CARTAZ-ENCONTRO-COM-PROFISSIONAL-EMILIO-DOMINGOS-SAPOPEMBA-724x1024.jpg\" width=\"604\" height=\"854\" srcset=\"http:\/\/osmosefilmes.com.br\/site\/wp-content\/uploads\/2017\/09\/CARTAZ-ENCONTRO-COM-PROFISSIONAL-EMILIO-DOMINGOS-SAPOPEMBA-724x1024.jpg 724w, http:\/\/osmosefilmes.com.br\/site\/wp-content\/uploads\/2017\/09\/CARTAZ-ENCONTRO-COM-PROFISSIONAL-EMILIO-DOMINGOS-SAPOPEMBA-106x150.jpg 106w, http:\/\/osmosefilmes.com.br\/site\/wp-content\/uploads\/2017\/09\/CARTAZ-ENCONTRO-COM-PROFISSIONAL-EMILIO-DOMINGOS-SAPOPEMBA-212x300.jpg 212w, http:\/\/osmosefilmes.com.br\/site\/wp-content\/uploads\/2017\/09\/CARTAZ-ENCONTRO-COM-PROFISSIONAL-EMILIO-DOMINGOS-SAPOPEMBA.jpg 1754w\" sizes=\"(max-width: 604px) 100vw, 604px\" \/><\/a><\/p>\n<p style=\"text-align: center;\">14\/09 \u00e0s 10h00 &#8211; <strong>F\u00e1brica De Cultura Sapopemba<\/strong><br \/>\nLocal:Rua Augustin Lubert, n\u00ba300 &#8211; Fazenda da Juta<\/p>\n<p style=\"text-align: center;\"><a href=\"http:\/\/osmosefilmes.com.br\/site\/?attachment_id=1202\" rel=\"attachment wp-att-1202\"><img loading=\"lazy\" class=\"alignnone size-large wp-image-1202\" alt=\"CARTAZ (ENCONTRO COM PROFISSIONAL - EMILIO DOMINGOS) - BELEM\" src=\"http:\/\/osmosefilmes.com.br\/site\/wp-content\/uploads\/2017\/09\/CARTAZ-ENCONTRO-COM-PROFISSIONAL-EMILIO-DOMINGOS-BELEM-724x1024.jpg\" width=\"604\" height=\"854\" srcset=\"http:\/\/osmosefilmes.com.br\/site\/wp-content\/uploads\/2017\/09\/CARTAZ-ENCONTRO-COM-PROFISSIONAL-EMILIO-DOMINGOS-BELEM-724x1024.jpg 724w, http:\/\/osmosefilmes.com.br\/site\/wp-content\/uploads\/2017\/09\/CARTAZ-ENCONTRO-COM-PROFISSIONAL-EMILIO-DOMINGOS-BELEM-106x150.jpg 106w, http:\/\/osmosefilmes.com.br\/site\/wp-content\/uploads\/2017\/09\/CARTAZ-ENCONTRO-COM-PROFISSIONAL-EMILIO-DOMINGOS-BELEM-212x300.jpg 212w, http:\/\/osmosefilmes.com.br\/site\/wp-content\/uploads\/2017\/09\/CARTAZ-ENCONTRO-COM-PROFISSIONAL-EMILIO-DOMINGOS-BELEM.jpg 1754w\" sizes=\"(max-width: 604px) 100vw, 604px\" \/><\/a><\/p>\n<p style=\"text-align: center;\">14\/09 \u00e0s 14h30 &#8211; <strong>F\u00e1brica de Cultura Parque Bel\u00e9m<\/strong><br \/>\nLocal: Portaria 1 Av. Celso Garcia, n\u00ba2231 &#8211; Bel\u00e9m<br \/>\nPortaria 2 Rua Nelson Cruz, n\u00ba140 &#8211; Bel\u00e9m<\/p>\n<p>Nos encontramos l\u00e1!<\/p>\n","protected":false},"excerpt":{"rendered":"<p>12, 13 E 14\/09 no Encontro com Profissional realizado pela F\u00e1bricas de Cultura \/Zona Leste.<\/p>\n","protected":false},"author":1,"featured_media":0,"comment_status":"open","ping_status":"open","sticky":false,"template":"","format":"standard","meta":[],"categories":[4],"tags":[],"_links":{"self":[{"href":"http:\/\/osmosefilmes.com.br\/site\/index.php?rest_route=\/wp\/v2\/posts\/1196"}],"collection":[{"href":"http:\/\/osmosefilmes.com.br\/site\/index.php?rest_route=\/wp\/v2\/posts"}],"about":[{"href":"http:\/\/osmosefilmes.com.br\/site\/index.php?rest_route=\/wp\/v2\/types\/post"}],"author":[{"embeddable":true,"href":"http:\/\/osmosefilmes.com.br\/site\/index.php?rest_route=\/wp\/v2\/users\/1"}],"replies":[{"embeddable":true,"href":"http:\/\/osmosefilmes.com.br\/site\/index.php?rest_route=%2Fwp%2Fv2%2Fcomments&post=1196"}],"version-history":[{"count":6,"href":"http:\/\/osmosefilmes.com.br\/site\/index.php?rest_route=\/wp\/v2\/posts\/1196\/revisions"}],"predecessor-version":[{"id":1208,"href":"http:\/\/osmosefilmes.com.br\/site\/index.php?rest_route=\/wp\/v2\/posts\/1196\/revisions\/1208"}],"wp:attachment":[{"href":"http:\/\/osmosefilmes.com.br\/site\/index.php?rest_route=%2Fwp%2Fv2%2Fmedia&parent=1196"}],"wp:term":[{"taxonomy":"category","embeddable":true,"href":"http:\/\/osmosefilmes.com.br\/site\/index.php?rest_route=%2Fwp%2Fv2%2Fcategories&post=1196"},{"taxonomy":"post_tag","embeddable":true,"href":"http:\/\/osmosefilmes.com.br\/site\/index.php?rest_route=%2Fwp%2Fv2%2Ftags&post=1196"}],"curies":[{"name":"wp","href":"https:\/\/api.w.org\/{rel}","templated":true}]}}