{"id":1249,"date":"2017-10-09T14:10:22","date_gmt":"2017-10-09T14:10:22","guid":{"rendered":"http:\/\/osmosefilmes.com.br\/site\/?p=1249"},"modified":"2017-10-09T14:10:22","modified_gmt":"2017-10-09T14:10:22","slug":"deixa-na-regua-e-o-a-batalha-do-passinho-no-festival-do-rio-2017","status":"publish","type":"post","link":"http:\/\/osmosefilmes.com.br\/site\/?p=1249","title":{"rendered":"<i>DEIXA NA R\u00c9GUA <\/i> E O <i>A BATALHA DO PASSINHO<\/i> NO FESTIVAL DO RIO 2017"},"content":{"rendered":"<div style=\"text-align: center;\"><a href=\"http:\/\/osmosefilmes.com.br\/site\/?attachment_id=1250\" rel=\"attachment wp-att-1250\"><img loading=\"lazy\" class=\"alignnone size-full wp-image-1250\" alt=\"festrio2\" src=\"http:\/\/osmosefilmes.com.br\/site\/wp-content\/uploads\/2017\/10\/festrio2.png\" width=\"720\" height=\"614\" srcset=\"http:\/\/osmosefilmes.com.br\/site\/wp-content\/uploads\/2017\/10\/festrio2.png 720w, http:\/\/osmosefilmes.com.br\/site\/wp-content\/uploads\/2017\/10\/festrio2-150x127.png 150w, http:\/\/osmosefilmes.com.br\/site\/wp-content\/uploads\/2017\/10\/festrio2-300x255.png 300w\" sizes=\"(max-width: 720px) 100vw, 720px\" \/><\/a><\/div>\n<div style=\"text-align: center;\"><\/div>\n<div style=\"text-align: left;\"><\/div>\n<div style=\"text-align: left;\">\nOs document\u00e1rios\u00a0<a href=\"https:\/\/www.facebook.com\/deixanaregua\/?utm_source=P%C3%BAblico&amp;utm_campaign=d47f2447e0-EMAIL_CAMPAIGN_2017_10_05&amp;utm_medium=email&amp;utm_term=0_a4976e4315-d47f2447e0-\" target=\"_blank\" data-saferedirecturl=\"https:\/\/www.google.com\/url?hl=pt-BR&amp;q=https:\/\/www.facebook.com\/deixanaregua\/?utm_source%3DP%25C3%25BAblico%26utm_campaign%3Dd47f2447e0-EMAIL_CAMPAIGN_2017_10_05%26utm_medium%3Demail%26utm_term%3D0_a4976e4315-d47f2447e0-&amp;source=gmail&amp;ust=1507643722663000&amp;usg=AFQjCNGAjG3o7ngNst1q2figVIQ818PxQg\"><em>Deixa na R\u00e9gua<\/em>\u00a0(2016)<\/a>\u00a0e\u00a0<a href=\"https:\/\/www.facebook.com\/ABatalhaDoPassinhoOFilme\/?utm_source=P%C3%BAblico&amp;utm_campaign=d47f2447e0-EMAIL_CAMPAIGN_2017_10_05&amp;utm_medium=email&amp;utm_term=0_a4976e4315-d47f2447e0-\" target=\"_blank\" data-saferedirecturl=\"https:\/\/www.google.com\/url?hl=pt-BR&amp;q=https:\/\/www.facebook.com\/ABatalhaDoPassinhoOFilme\/?utm_source%3DP%25C3%25BAblico%26utm_campaign%3Dd47f2447e0-EMAIL_CAMPAIGN_2017_10_05%26utm_medium%3Demail%26utm_term%3D0_a4976e4315-d47f2447e0-&amp;source=gmail&amp;ust=1507643722663000&amp;usg=AFQjCNGN2PE0lV0rxvnBpx1DPcDRnDxb8Q\"><em>A Batalha do Passinho<\/em>\u00a0(2013)<\/a>\u00a0do diretor Em\u00edlio Domingos,\u00a0produzidos pela\u00a0<a href=\"https:\/\/www.facebook.com\/OsmoseFilmes\/?utm_source=P%C3%BAblico&amp;utm_campaign=d47f2447e0-EMAIL_CAMPAIGN_2017_10_05&amp;utm_medium=email&amp;utm_term=0_a4976e4315-d47f2447e0-\" target=\"_blank\" data-saferedirecturl=\"https:\/\/www.google.com\/url?hl=pt-BR&amp;q=https:\/\/www.facebook.com\/OsmoseFilmes\/?utm_source%3DP%25C3%25BAblico%26utm_campaign%3Dd47f2447e0-EMAIL_CAMPAIGN_2017_10_05%26utm_medium%3Demail%26utm_term%3D0_a4976e4315-d47f2447e0-&amp;source=gmail&amp;ust=1507643722663000&amp;usg=AFQjCNFT_af9a7LjbWa6oYbj-BVrbqGdNQ\">Osmose Filmes<\/a>, foram convidados para\u00a0<a href=\"http:\/\/www.festivaldorio.com.br\/br\/mostras\/premiere-brasil?utm_source=P%C3%BAblico&amp;utm_campaign=d47f2447e0-EMAIL_CAMPAIGN_2017_10_05&amp;utm_medium=email&amp;utm_term=0_a4976e4315-d47f2447e0-\" target=\"_blank\" data-saferedirecturl=\"https:\/\/www.google.com\/url?hl=pt-BR&amp;q=http:\/\/www.festivaldorio.com.br\/br\/mostras\/premiere-brasil?utm_source%3DP%25C3%25BAblico%26utm_campaign%3Dd47f2447e0-EMAIL_CAMPAIGN_2017_10_05%26utm_medium%3Demail%26utm_term%3D0_a4976e4315-d47f2447e0-&amp;source=gmail&amp;ust=1507643722663000&amp;usg=AFQjCNH21N3q26AfZ0EazR4qJRPV__QgBA\">Mostra Premiados da Premi\u00e8re<\/a>\u00a0do\u00a0<a href=\"http:\/\/www.festivaldorio.com.br\/br\/o-festival\/festival-do-rio?utm_source=P%C3%BAblico&amp;utm_campaign=d47f2447e0-EMAIL_CAMPAIGN_2017_10_05&amp;utm_medium=email&amp;utm_term=0_a4976e4315-d47f2447e0-\" target=\"_blank\" data-saferedirecturl=\"https:\/\/www.google.com\/url?hl=pt-BR&amp;q=http:\/\/www.festivaldorio.com.br\/br\/o-festival\/festival-do-rio?utm_source%3DP%25C3%25BAblico%26utm_campaign%3Dd47f2447e0-EMAIL_CAMPAIGN_2017_10_05%26utm_medium%3Demail%26utm_term%3D0_a4976e4315-d47f2447e0-&amp;source=gmail&amp;ust=1507643722663000&amp;usg=AFQjCNEhwjQTxLAaxvnEhSOHMKTsx8fyeg\">Festival do Rio 2017<\/a>. Nesta ser\u00e3o exibidos\u00a0filmes contemplados em edi\u00e7\u00f5es anteriores do festival.\u00a0Confira abaixo data, hor\u00e1rio e local das sess\u00f5es:<\/div>\n<ul>\n<li><a href=\"https:\/\/www.facebook.com\/deixanaregua\/?utm_source=P%C3%BAblico&amp;utm_campaign=d47f2447e0-EMAIL_CAMPAIGN_2017_10_05&amp;utm_medium=email&amp;utm_term=0_a4976e4315-d47f2447e0-\" target=\"_blank\" data-saferedirecturl=\"https:\/\/www.google.com\/url?hl=pt-BR&amp;q=https:\/\/www.facebook.com\/deixanaregua\/?utm_source%3DP%25C3%25BAblico%26utm_campaign%3Dd47f2447e0-EMAIL_CAMPAIGN_2017_10_05%26utm_medium%3Demail%26utm_term%3D0_a4976e4315-d47f2447e0-&amp;source=gmail&amp;ust=1507643722663000&amp;usg=AFQjCNGAjG3o7ngNst1q2figVIQ818PxQg\">Deixa Na R\u00e9gua<\/a><\/li>\n<\/ul>\n<p>12\/10 \u00e0s 17h no Centro Cultural da Justi\u00e7a Federal (CCJF)<br \/>\n14\/10 \u00e0s 17h no Museu de Arte Contempor\u00e2nea de Niter\u00f3i (MAC Niter\u00f3i)<\/p>\n<ul>\n<li><a href=\"https:\/\/www.facebook.com\/ABatalhaDoPassinhoOFilme\/?utm_source=P%C3%BAblico&amp;utm_campaign=d47f2447e0-EMAIL_CAMPAIGN_2017_10_05&amp;utm_medium=email&amp;utm_term=0_a4976e4315-d47f2447e0-\" target=\"_blank\" data-saferedirecturl=\"https:\/\/www.google.com\/url?hl=pt-BR&amp;q=https:\/\/www.facebook.com\/ABatalhaDoPassinhoOFilme\/?utm_source%3DP%25C3%25BAblico%26utm_campaign%3Dd47f2447e0-EMAIL_CAMPAIGN_2017_10_05%26utm_medium%3Demail%26utm_term%3D0_a4976e4315-d47f2447e0-&amp;source=gmail&amp;ust=1507643722663000&amp;usg=AFQjCNGN2PE0lV0rxvnBpx1DPcDRnDxb8Q\">A Batalha do Passinho<\/a><\/li>\n<\/ul>\n<p>13\/10 \u00e0s 17h no Museu de Arte Contempor\u00e2nea de Niter\u00f3i (MAC Niter\u00f3i)<\/p>\n<p><span style=\"text-decoration: underline;\">Locais:<\/span><br \/>\nCCJF: Av. Rio Branco, 241 &#8211; Centro, Rio de Janeiro\/RJ<br \/>\nMAC Niter\u00f3i: Mirante da Boa Viagem &#8211; Boa Viagem, Niter\u00f3i\/ RJ<\/p>\n<p><span style=\"text-decoration: underline;\">Ingressos:<\/span><br \/>\nSess\u00f5es do\u00a0<em>Deixa Na R\u00e9gua<\/em>\u00a0<a href=\"http:\/\/www.festivaldorio.com.br\/br\/filmes\/deixa-na-regua?utm_source=P%C3%BAblico&amp;utm_campaign=d47f2447e0-EMAIL_CAMPAIGN_2017_10_05&amp;utm_medium=email&amp;utm_term=0_a4976e4315-d47f2447e0-\" target=\"_blank\" data-saferedirecturl=\"https:\/\/www.google.com\/url?hl=pt-BR&amp;q=http:\/\/www.festivaldorio.com.br\/br\/filmes\/deixa-na-regua?utm_source%3DP%25C3%25BAblico%26utm_campaign%3Dd47f2447e0-EMAIL_CAMPAIGN_2017_10_05%26utm_medium%3Demail%26utm_term%3D0_a4976e4315-d47f2447e0-&amp;source=gmail&amp;ust=1507643722663000&amp;usg=AFQjCNF3oQnbhZ9EJuLnrTowaisErpdEYw\">clique aqui<\/a>.<br \/>\nSess\u00e3o do\u00a0<em>A Batalha do Passinho<\/em>\u00a0<a href=\"http:\/\/www.festivaldorio.com.br\/br\/filmes\/a-batalha-do-passinho?utm_source=P%C3%BAblico&amp;utm_campaign=d47f2447e0-EMAIL_CAMPAIGN_2017_10_05&amp;utm_medium=email&amp;utm_term=0_a4976e4315-d47f2447e0-\" target=\"_blank\" data-saferedirecturl=\"https:\/\/www.google.com\/url?hl=pt-BR&amp;q=http:\/\/www.festivaldorio.com.br\/br\/filmes\/a-batalha-do-passinho?utm_source%3DP%25C3%25BAblico%26utm_campaign%3Dd47f2447e0-EMAIL_CAMPAIGN_2017_10_05%26utm_medium%3Demail%26utm_term%3D0_a4976e4315-d47f2447e0-&amp;source=gmail&amp;ust=1507643722664000&amp;usg=AFQjCNE3E2zcEYDtotoRMBqM0WT8AQygUQ\">clique aqui<\/a>.<\/p>\n","protected":false},"excerpt":{"rendered":"<p>Na Mostra Premiados da Premi\u00e8re com sess\u00f5es dias 12, 13 e 14\/10.<\/p>\n","protected":false},"author":1,"featured_media":0,"comment_status":"open","ping_status":"open","sticky":false,"template":"","format":"standard","meta":[],"categories":[4],"tags":[],"_links":{"self":[{"href":"http:\/\/osmosefilmes.com.br\/site\/index.php?rest_route=\/wp\/v2\/posts\/1249"}],"collection":[{"href":"http:\/\/osmosefilmes.com.br\/site\/index.php?rest_route=\/wp\/v2\/posts"}],"about":[{"href":"http:\/\/osmosefilmes.com.br\/site\/index.php?rest_route=\/wp\/v2\/types\/post"}],"author":[{"embeddable":true,"href":"http:\/\/osmosefilmes.com.br\/site\/index.php?rest_route=\/wp\/v2\/users\/1"}],"replies":[{"embeddable":true,"href":"http:\/\/osmosefilmes.com.br\/site\/index.php?rest_route=%2Fwp%2Fv2%2Fcomments&post=1249"}],"version-history":[{"count":8,"href":"http:\/\/osmosefilmes.com.br\/site\/index.php?rest_route=\/wp\/v2\/posts\/1249\/revisions"}],"predecessor-version":[{"id":1268,"href":"http:\/\/osmosefilmes.com.br\/site\/index.php?rest_route=\/wp\/v2\/posts\/1249\/revisions\/1268"}],"wp:attachment":[{"href":"http:\/\/osmosefilmes.com.br\/site\/index.php?rest_route=%2Fwp%2Fv2%2Fmedia&parent=1249"}],"wp:term":[{"taxonomy":"category","embeddable":true,"href":"http:\/\/osmosefilmes.com.br\/site\/index.php?rest_route=%2Fwp%2Fv2%2Fcategories&post=1249"},{"taxonomy":"post_tag","embeddable":true,"href":"http:\/\/osmosefilmes.com.br\/site\/index.php?rest_route=%2Fwp%2Fv2%2Ftags&post=1249"}],"curies":[{"name":"wp","href":"https:\/\/api.w.org\/{rel}","templated":true}]}}