{"id":1272,"date":"2017-10-20T14:00:56","date_gmt":"2017-10-20T14:00:56","guid":{"rendered":"http:\/\/osmosefilmes.com.br\/site\/?p=1272"},"modified":"2017-10-24T14:07:42","modified_gmt":"2017-10-24T14:07:42","slug":"lancamento-oficial-da-pagina-do-longa-favela-e-moda","status":"publish","type":"post","link":"http:\/\/osmosefilmes.com.br\/site\/?p=1272","title":{"rendered":"LAN\u00c7AMENTO OFICIAL DA P\u00c1GINA DO LONGA <i> FAVELA \u00c9 MODA <\/i>"},"content":{"rendered":"<p style=\"text-align: center;\"><a href=\"http:\/\/osmosefilmes.com.br\/site\/?attachment_id=1273\" rel=\"attachment wp-att-1273\"><img loading=\"lazy\" class=\"alignnone size-large wp-image-1273\" alt=\"22181247_139714163315006_3768842750455285244_o\" src=\"http:\/\/osmosefilmes.com.br\/site\/wp-content\/uploads\/2017\/10\/22181247_139714163315006_3768842750455285244_o-1024x576.jpg\" width=\"604\" height=\"339\" srcset=\"http:\/\/osmosefilmes.com.br\/site\/wp-content\/uploads\/2017\/10\/22181247_139714163315006_3768842750455285244_o-1024x576.jpg 1024w, http:\/\/osmosefilmes.com.br\/site\/wp-content\/uploads\/2017\/10\/22181247_139714163315006_3768842750455285244_o-150x84.jpg 150w, http:\/\/osmosefilmes.com.br\/site\/wp-content\/uploads\/2017\/10\/22181247_139714163315006_3768842750455285244_o-300x168.jpg 300w, http:\/\/osmosefilmes.com.br\/site\/wp-content\/uploads\/2017\/10\/22181247_139714163315006_3768842750455285244_o.jpg 1920w\" sizes=\"(max-width: 604px) 100vw, 604px\" \/><\/a><\/p>\n<p>Hoje ser\u00e1 o lan\u00e7amento da P\u00c1GINA OFICIAL do longa <a href=\"https:\/\/www.facebook.com\/favelaemoda\/\">Favela \u00c9 Moda<\/a> , terceiro filme da trilogia do corpo do diretor Em\u00edlio Domingos, que come\u00e7ou com os document\u00e1rios <a href=\"https:\/\/www.facebook.com\/ABatalhaDoPassinhoOFilme\/\">A Batalha do Passinho<\/a> e <a href=\"https:\/\/www.facebook.com\/deixanaregua\/\">Deixa Na R\u00e9gua<\/a>.<\/p>\n<p>Dire\u00e7\u00e3o: Em\u00edlio Domingos<br \/>\nProdutor: Lula Buarque<br \/>\nProdutora Executiva: Let\u00edcia Monte<br \/>\nRoteiro: Em\u00edlio Domingos e Simpl\u00edcio Neto<br \/>\nCo-produ\u00e7\u00e3o: Osmose Filmes e Espiral<\/p>\n<p>FAVELA \u00c9 MODA \u00e9 um longa-metragem do g\u00eanero document\u00e1rio que aborda o surgimento de ag\u00eancias de modelos nos morros cariocas e a representa\u00e7\u00e3o do negro no mercado da moda.<\/p>\n<p>Para saber mais curta e acompanhe a p\u00e1gina do <em>Favela \u00c9 Moda<\/em> <a href=\"https:\/\/www.facebook.com\/favelaemoda\/\">clicando aqui<\/a>.<\/p>\n","protected":false},"excerpt":{"rendered":"<p>Hoje (20\/10) \u00e0s 11h.<\/p>\n","protected":false},"author":1,"featured_media":0,"comment_status":"open","ping_status":"open","sticky":false,"template":"","format":"standard","meta":[],"categories":[4],"tags":[],"_links":{"self":[{"href":"http:\/\/osmosefilmes.com.br\/site\/index.php?rest_route=\/wp\/v2\/posts\/1272"}],"collection":[{"href":"http:\/\/osmosefilmes.com.br\/site\/index.php?rest_route=\/wp\/v2\/posts"}],"about":[{"href":"http:\/\/osmosefilmes.com.br\/site\/index.php?rest_route=\/wp\/v2\/types\/post"}],"author":[{"embeddable":true,"href":"http:\/\/osmosefilmes.com.br\/site\/index.php?rest_route=\/wp\/v2\/users\/1"}],"replies":[{"embeddable":true,"href":"http:\/\/osmosefilmes.com.br\/site\/index.php?rest_route=%2Fwp%2Fv2%2Fcomments&post=1272"}],"version-history":[{"count":2,"href":"http:\/\/osmosefilmes.com.br\/site\/index.php?rest_route=\/wp\/v2\/posts\/1272\/revisions"}],"predecessor-version":[{"id":1275,"href":"http:\/\/osmosefilmes.com.br\/site\/index.php?rest_route=\/wp\/v2\/posts\/1272\/revisions\/1275"}],"wp:attachment":[{"href":"http:\/\/osmosefilmes.com.br\/site\/index.php?rest_route=%2Fwp%2Fv2%2Fmedia&parent=1272"}],"wp:term":[{"taxonomy":"category","embeddable":true,"href":"http:\/\/osmosefilmes.com.br\/site\/index.php?rest_route=%2Fwp%2Fv2%2Fcategories&post=1272"},{"taxonomy":"post_tag","embeddable":true,"href":"http:\/\/osmosefilmes.com.br\/site\/index.php?rest_route=%2Fwp%2Fv2%2Ftags&post=1272"}],"curies":[{"name":"wp","href":"https:\/\/api.w.org\/{rel}","templated":true}]}}