{"id":1280,"date":"2017-10-24T14:45:39","date_gmt":"2017-10-24T14:45:39","guid":{"rendered":"http:\/\/osmosefilmes.com.br\/site\/?p=1280"},"modified":"2017-10-24T14:47:22","modified_gmt":"2017-10-24T14:47:22","slug":"deixa-na-regua-em-uberlandia","status":"publish","type":"post","link":"http:\/\/osmosefilmes.com.br\/site\/?p=1280","title":{"rendered":"<i>DEIXA NA R\u00c9GUA <\/i> EM UBERL\u00c2NDIA"},"content":{"rendered":"<p style=\"text-align: center;\"><a href=\"http:\/\/osmosefilmes.com.br\/site\/?attachment_id=1281\" rel=\"attachment wp-att-1281\"><img loading=\"lazy\" class=\"alignnone size-large wp-image-1281\" alt=\"mostra_cn_prog\" src=\"http:\/\/osmosefilmes.com.br\/site\/wp-content\/uploads\/2017\/10\/mostra_cn_prog-1024x791.png\" width=\"604\" height=\"466\" srcset=\"http:\/\/osmosefilmes.com.br\/site\/wp-content\/uploads\/2017\/10\/mostra_cn_prog-1024x791.png 1024w, http:\/\/osmosefilmes.com.br\/site\/wp-content\/uploads\/2017\/10\/mostra_cn_prog-150x115.png 150w, http:\/\/osmosefilmes.com.br\/site\/wp-content\/uploads\/2017\/10\/mostra_cn_prog-300x231.png 300w, http:\/\/osmosefilmes.com.br\/site\/wp-content\/uploads\/2017\/10\/mostra_cn_prog.png 1056w\" sizes=\"(max-width: 604px) 100vw, 604px\" \/><\/a><\/p>\n<p>HOJE (24\/10) exibi\u00e7\u00e3o do <a href=\"https:\/\/www.facebook.com\/deixanaregua\/\">Deixa Na R\u00e9gua<\/a> com presen\u00e7a do diretor Em\u00edlio Domingos na &#8220;Semana Nacional do Livro e da Biblioteca&#8221; da Universidade Federal de Uberl\u00e2ndia , que este ano traz o tema &#8220;As Bibliotecas e a Valoriza\u00e7\u00e3o da Diversidade da Cultura Negra&#8221; e durante o evento ocorrer\u00e1 a Mostra de Cinema Negro.<\/p>\n<p>A sess\u00e3o est\u00e1 marcada para \u00e0s 19h no Anfiteatro 50 C.<\/p>\n<p>Local: Av. Jo\u00e3o Naves de \u00c1vila, 2121 &#8211; Santa M\u00f4nica, Uberl\u00e2ndia &#8211; MG.<\/p>\n<p>Para mais informa\u00e7\u00f5es acessem o site <a href=\"https:\/\/www.bibliotecas.ufu.br\/\u2026\/\u2026\/10\/mostra-de-cinema-negro\">clicando aqui<\/a>.<\/p>\n","protected":false},"excerpt":{"rendered":"<p>HOJE (24\/10) \u00e0s 19h com presen\u00e7a do diretor Em\u00edlio Domingos<\/p>\n","protected":false},"author":1,"featured_media":0,"comment_status":"open","ping_status":"open","sticky":false,"template":"","format":"standard","meta":[],"categories":[4],"tags":[],"_links":{"self":[{"href":"http:\/\/osmosefilmes.com.br\/site\/index.php?rest_route=\/wp\/v2\/posts\/1280"}],"collection":[{"href":"http:\/\/osmosefilmes.com.br\/site\/index.php?rest_route=\/wp\/v2\/posts"}],"about":[{"href":"http:\/\/osmosefilmes.com.br\/site\/index.php?rest_route=\/wp\/v2\/types\/post"}],"author":[{"embeddable":true,"href":"http:\/\/osmosefilmes.com.br\/site\/index.php?rest_route=\/wp\/v2\/users\/1"}],"replies":[{"embeddable":true,"href":"http:\/\/osmosefilmes.com.br\/site\/index.php?rest_route=%2Fwp%2Fv2%2Fcomments&post=1280"}],"version-history":[{"count":2,"href":"http:\/\/osmosefilmes.com.br\/site\/index.php?rest_route=\/wp\/v2\/posts\/1280\/revisions"}],"predecessor-version":[{"id":1283,"href":"http:\/\/osmosefilmes.com.br\/site\/index.php?rest_route=\/wp\/v2\/posts\/1280\/revisions\/1283"}],"wp:attachment":[{"href":"http:\/\/osmosefilmes.com.br\/site\/index.php?rest_route=%2Fwp%2Fv2%2Fmedia&parent=1280"}],"wp:term":[{"taxonomy":"category","embeddable":true,"href":"http:\/\/osmosefilmes.com.br\/site\/index.php?rest_route=%2Fwp%2Fv2%2Fcategories&post=1280"},{"taxonomy":"post_tag","embeddable":true,"href":"http:\/\/osmosefilmes.com.br\/site\/index.php?rest_route=%2Fwp%2Fv2%2Ftags&post=1280"}],"curies":[{"name":"wp","href":"https:\/\/api.w.org\/{rel}","templated":true}]}}