{"id":1284,"date":"2017-10-25T13:13:11","date_gmt":"2017-10-25T13:13:11","guid":{"rendered":"http:\/\/osmosefilmes.com.br\/site\/?p=1284"},"modified":"2017-10-25T13:13:11","modified_gmt":"2017-10-25T13:13:11","slug":"deixa-na-regua-no-cineclube-fgv","status":"publish","type":"post","link":"http:\/\/osmosefilmes.com.br\/site\/?p=1284","title":{"rendered":"<i>DEIXA NA R\u00c9GUA <\/i> NO CINECLUBE FGV"},"content":{"rendered":"<p style=\"text-align: center;\"><a href=\"http:\/\/osmosefilmes.com.br\/site\/?attachment_id=1285\" rel=\"attachment wp-att-1285\"><img loading=\"lazy\" class=\"alignnone size-full wp-image-1285\" alt=\"22450117_1817730451590007_5863659875784173565_n\" src=\"http:\/\/osmosefilmes.com.br\/site\/wp-content\/uploads\/2017\/10\/22450117_1817730451590007_5863659875784173565_n.jpg\" width=\"848\" height=\"415\" srcset=\"http:\/\/osmosefilmes.com.br\/site\/wp-content\/uploads\/2017\/10\/22450117_1817730451590007_5863659875784173565_n.jpg 848w, http:\/\/osmosefilmes.com.br\/site\/wp-content\/uploads\/2017\/10\/22450117_1817730451590007_5863659875784173565_n-150x73.jpg 150w, http:\/\/osmosefilmes.com.br\/site\/wp-content\/uploads\/2017\/10\/22450117_1817730451590007_5863659875784173565_n-300x146.jpg 300w\" sizes=\"(max-width: 848px) 100vw, 848px\" \/><\/a><\/p>\n<p>AMANH\u00c3 (26\/10) exibi\u00e7\u00e3o do <a href=\"https:\/\/www.facebook.com\/deixanaregua\/\">Deixa Na R\u00e9gua<\/a> no <a href=\"https:\/\/www.facebook.com\/Cineclube-FGV-379607195402347\/\">Cineclube FGV<\/a>!<\/p>\n<p>A sess\u00e3o est\u00e1 marcada para 18h30 e contar\u00e1 com a presen\u00e7a do diretor Em\u00edlio Domingos.<\/p>\n<p>Local: Edif\u00edcio Sede &#8211; Funda\u00e7\u00e3o Get\u00falio Vargas<br \/>\nSala a confirmar<br \/>\nPraia de Botafogo, 190, Botafogo, Rio de Janeiro\/ RJ.<\/p>\n<p>Observa\u00e7\u00f5es: Entrada gratuita. N\u00e3o h\u00e1 a necessidade de inscri\u00e7\u00e3o pr\u00e9via. A FGV n\u00e3o permite a entrada de pessoas de bermudas, regatas e\/ou chinelos.<\/p>\n<p>Saiba mais <a href=\"https:\/\/www.facebook.com\/events\/525850907754738\/?acontext=%7B%22ref%22%3A%223%22%2C%22ref_newsfeed_story_type%22%3A%22regular%22%2C%22action_history%22%3A%22null%22%7D\">clicando aqui<\/a>.<\/p>\n","protected":false},"excerpt":{"rendered":"<p>Amanh\u00e3, 26\/10, \u00e0s 18h30 com presen\u00e7a do diretor Em\u00edlio Domingos<\/p>\n","protected":false},"author":1,"featured_media":0,"comment_status":"open","ping_status":"open","sticky":false,"template":"","format":"standard","meta":[],"categories":[4],"tags":[],"_links":{"self":[{"href":"http:\/\/osmosefilmes.com.br\/site\/index.php?rest_route=\/wp\/v2\/posts\/1284"}],"collection":[{"href":"http:\/\/osmosefilmes.com.br\/site\/index.php?rest_route=\/wp\/v2\/posts"}],"about":[{"href":"http:\/\/osmosefilmes.com.br\/site\/index.php?rest_route=\/wp\/v2\/types\/post"}],"author":[{"embeddable":true,"href":"http:\/\/osmosefilmes.com.br\/site\/index.php?rest_route=\/wp\/v2\/users\/1"}],"replies":[{"embeddable":true,"href":"http:\/\/osmosefilmes.com.br\/site\/index.php?rest_route=%2Fwp%2Fv2%2Fcomments&post=1284"}],"version-history":[{"count":1,"href":"http:\/\/osmosefilmes.com.br\/site\/index.php?rest_route=\/wp\/v2\/posts\/1284\/revisions"}],"predecessor-version":[{"id":1286,"href":"http:\/\/osmosefilmes.com.br\/site\/index.php?rest_route=\/wp\/v2\/posts\/1284\/revisions\/1286"}],"wp:attachment":[{"href":"http:\/\/osmosefilmes.com.br\/site\/index.php?rest_route=%2Fwp%2Fv2%2Fmedia&parent=1284"}],"wp:term":[{"taxonomy":"category","embeddable":true,"href":"http:\/\/osmosefilmes.com.br\/site\/index.php?rest_route=%2Fwp%2Fv2%2Fcategories&post=1284"},{"taxonomy":"post_tag","embeddable":true,"href":"http:\/\/osmosefilmes.com.br\/site\/index.php?rest_route=%2Fwp%2Fv2%2Ftags&post=1284"}],"curies":[{"name":"wp","href":"https:\/\/api.w.org\/{rel}","templated":true}]}}