{"id":1288,"date":"2017-10-26T15:48:30","date_gmt":"2017-10-26T15:48:30","guid":{"rendered":"http:\/\/osmosefilmes.com.br\/site\/?p=1288"},"modified":"2017-10-26T15:53:30","modified_gmt":"2017-10-26T15:53:30","slug":"saiu-o-teaser-do-longa-favela-e-moda","status":"publish","type":"post","link":"http:\/\/osmosefilmes.com.br\/site\/?p=1288","title":{"rendered":"SAIU O TEASER DO LONGA <i> FAVELA \u00c9 MODA <\/i>"},"content":{"rendered":"<p style=\"text-align: center;\"><a href=\"http:\/\/osmosefilmes.com.br\/site\/?attachment_id=1289\" rel=\"attachment wp-att-1289\"><img loading=\"lazy\" class=\"alignnone size-large wp-image-1289\" alt=\"22713358_143955092890913_1810627744256426913_o\" src=\"http:\/\/osmosefilmes.com.br\/site\/wp-content\/uploads\/2017\/10\/22713358_143955092890913_1810627744256426913_o-1024x640.jpg\" width=\"604\" height=\"377\" srcset=\"http:\/\/osmosefilmes.com.br\/site\/wp-content\/uploads\/2017\/10\/22713358_143955092890913_1810627744256426913_o-1024x640.jpg 1024w, http:\/\/osmosefilmes.com.br\/site\/wp-content\/uploads\/2017\/10\/22713358_143955092890913_1810627744256426913_o-150x93.jpg 150w, http:\/\/osmosefilmes.com.br\/site\/wp-content\/uploads\/2017\/10\/22713358_143955092890913_1810627744256426913_o-300x187.jpg 300w, http:\/\/osmosefilmes.com.br\/site\/wp-content\/uploads\/2017\/10\/22713358_143955092890913_1810627744256426913_o.jpg 2048w\" sizes=\"(max-width: 604px) 100vw, 604px\" \/><\/a><\/p>\n<p>Assista ao TEASER OFICIAL do <a href=\"https:\/\/www.facebook.com\/favelaemoda\/\">Favela \u00c9 Moda &#8211; Filme<\/a>,\u200b terceiro document\u00e1rio da trilogia do corpo do diretor Em\u00edlio Domingos que aborda a representa\u00e7\u00e3o do negro no mercado da moda no Brasil, <a href=\"https:\/\/www.youtube.com\/watch?v=nzhBagOcIBs&amp;t=5s\">clicando aqui<\/a>.<\/p>\n<p>Dire\u00e7\u00e3o: Em\u00edlio Domingos<br \/>\nProdutor: Lula Buarque<br \/>\nProdutora Executiva: Let\u00edcia Monte<br \/>\nRoteiro: Em\u00edlio Domingos e Simpl\u00edcio Neto<br \/>\nEdi\u00e7\u00e3o Teaser: Yan Motta<br \/>\nCo-produ\u00e7\u00e3o: <a href=\"https:\/\/www.facebook.com\/OsmoseFilmes\/\">Osmose Filmes\u200b<\/a> e <a href=\"https:\/\/www.facebook.com\/espiralcriacao\/\">Espiral<\/a>\u200b<\/p>\n","protected":false},"excerpt":{"rendered":"<p>Terceiro document\u00e1rio da trilogia do corpo do diretor Em\u00edlio Domingos.<\/p>\n","protected":false},"author":1,"featured_media":0,"comment_status":"open","ping_status":"open","sticky":false,"template":"","format":"standard","meta":[],"categories":[4],"tags":[],"_links":{"self":[{"href":"http:\/\/osmosefilmes.com.br\/site\/index.php?rest_route=\/wp\/v2\/posts\/1288"}],"collection":[{"href":"http:\/\/osmosefilmes.com.br\/site\/index.php?rest_route=\/wp\/v2\/posts"}],"about":[{"href":"http:\/\/osmosefilmes.com.br\/site\/index.php?rest_route=\/wp\/v2\/types\/post"}],"author":[{"embeddable":true,"href":"http:\/\/osmosefilmes.com.br\/site\/index.php?rest_route=\/wp\/v2\/users\/1"}],"replies":[{"embeddable":true,"href":"http:\/\/osmosefilmes.com.br\/site\/index.php?rest_route=%2Fwp%2Fv2%2Fcomments&post=1288"}],"version-history":[{"count":5,"href":"http:\/\/osmosefilmes.com.br\/site\/index.php?rest_route=\/wp\/v2\/posts\/1288\/revisions"}],"predecessor-version":[{"id":1294,"href":"http:\/\/osmosefilmes.com.br\/site\/index.php?rest_route=\/wp\/v2\/posts\/1288\/revisions\/1294"}],"wp:attachment":[{"href":"http:\/\/osmosefilmes.com.br\/site\/index.php?rest_route=%2Fwp%2Fv2%2Fmedia&parent=1288"}],"wp:term":[{"taxonomy":"category","embeddable":true,"href":"http:\/\/osmosefilmes.com.br\/site\/index.php?rest_route=%2Fwp%2Fv2%2Fcategories&post=1288"},{"taxonomy":"post_tag","embeddable":true,"href":"http:\/\/osmosefilmes.com.br\/site\/index.php?rest_route=%2Fwp%2Fv2%2Ftags&post=1288"}],"curies":[{"name":"wp","href":"https:\/\/api.w.org\/{rel}","templated":true}]}}