{"id":1318,"date":"2017-11-21T13:20:15","date_gmt":"2017-11-21T13:20:15","guid":{"rendered":"http:\/\/osmosefilmes.com.br\/site\/?p=1318"},"modified":"2017-11-23T13:26:23","modified_gmt":"2017-11-23T13:26:23","slug":"deixa-na-regua-no-cineclube-fgv-2","status":"publish","type":"post","link":"http:\/\/osmosefilmes.com.br\/site\/?p=1318","title":{"rendered":"<i>DEIXA NA R\u00c9GUA <\/i> NO Doc.puc 2017"},"content":{"rendered":"<p><a href=\"http:\/\/osmosefilmes.com.br\/site\/?attachment_id=1319\" rel=\"attachment wp-att-1319\"><img loading=\"lazy\" class=\"alignnone size-large wp-image-1319\" alt=\"21319147_129156907725249_8734007540692071558_o\" src=\"http:\/\/osmosefilmes.com.br\/site\/wp-content\/uploads\/2017\/11\/21319147_129156907725249_8734007540692071558_o-1024x388.jpg\" width=\"604\" height=\"228\" srcset=\"http:\/\/osmosefilmes.com.br\/site\/wp-content\/uploads\/2017\/11\/21319147_129156907725249_8734007540692071558_o-1024x388.jpg 1024w, http:\/\/osmosefilmes.com.br\/site\/wp-content\/uploads\/2017\/11\/21319147_129156907725249_8734007540692071558_o-150x56.jpg 150w, http:\/\/osmosefilmes.com.br\/site\/wp-content\/uploads\/2017\/11\/21319147_129156907725249_8734007540692071558_o-300x113.jpg 300w, http:\/\/osmosefilmes.com.br\/site\/wp-content\/uploads\/2017\/11\/21319147_129156907725249_8734007540692071558_o.jpg 1500w\" sizes=\"(max-width: 604px) 100vw, 604px\" \/><\/a><\/p>\n<p>AMANH\u00c3 (22\/11) exibi\u00e7\u00e3o do <a href=\"https:\/\/www.facebook.com\/deixanaregua\/\">Deixa Na R\u00e9gua<\/a> no <a href=\"https:\/\/www.facebook.com\/doc.puc\/\">Doc.puc 2017 &#8211; Mostra PUC-Rio do Cinema Document\u00e1rio<\/a>!<\/p>\n<p>A sess\u00e3o est\u00e1 marcada para 15h e contar\u00e1 com a presen\u00e7a do diretor Em\u00edlio Domingos.<\/p>\n<p>Local: Terminal da PUC, 251 &#8211; G\u00e1vea, Rio de Janeiro &#8211; RJ<br \/>\nEdif\u00edcio Kennedy<br \/>\nSala k617<\/p>\n<p>Saiba mais <a href=\"https:\/\/www.facebook.com\/events\/1654740491205641\/\">clicando aqui<\/a>.<\/p>\n","protected":false},"excerpt":{"rendered":"<p>Amanh\u00e3, 22\/11, \u00e0s 15h com presen\u00e7a do diretor Em\u00edlio Domingos<\/p>\n","protected":false},"author":1,"featured_media":0,"comment_status":"open","ping_status":"open","sticky":false,"template":"","format":"standard","meta":[],"categories":[4],"tags":[],"_links":{"self":[{"href":"http:\/\/osmosefilmes.com.br\/site\/index.php?rest_route=\/wp\/v2\/posts\/1318"}],"collection":[{"href":"http:\/\/osmosefilmes.com.br\/site\/index.php?rest_route=\/wp\/v2\/posts"}],"about":[{"href":"http:\/\/osmosefilmes.com.br\/site\/index.php?rest_route=\/wp\/v2\/types\/post"}],"author":[{"embeddable":true,"href":"http:\/\/osmosefilmes.com.br\/site\/index.php?rest_route=\/wp\/v2\/users\/1"}],"replies":[{"embeddable":true,"href":"http:\/\/osmosefilmes.com.br\/site\/index.php?rest_route=%2Fwp%2Fv2%2Fcomments&post=1318"}],"version-history":[{"count":2,"href":"http:\/\/osmosefilmes.com.br\/site\/index.php?rest_route=\/wp\/v2\/posts\/1318\/revisions"}],"predecessor-version":[{"id":1321,"href":"http:\/\/osmosefilmes.com.br\/site\/index.php?rest_route=\/wp\/v2\/posts\/1318\/revisions\/1321"}],"wp:attachment":[{"href":"http:\/\/osmosefilmes.com.br\/site\/index.php?rest_route=%2Fwp%2Fv2%2Fmedia&parent=1318"}],"wp:term":[{"taxonomy":"category","embeddable":true,"href":"http:\/\/osmosefilmes.com.br\/site\/index.php?rest_route=%2Fwp%2Fv2%2Fcategories&post=1318"},{"taxonomy":"post_tag","embeddable":true,"href":"http:\/\/osmosefilmes.com.br\/site\/index.php?rest_route=%2Fwp%2Fv2%2Ftags&post=1318"}],"curies":[{"name":"wp","href":"https:\/\/api.w.org\/{rel}","templated":true}]}}