{"id":1334,"date":"2017-12-05T14:57:27","date_gmt":"2017-12-05T14:57:27","guid":{"rendered":"http:\/\/osmosefilmes.com.br\/site\/?p=1334"},"modified":"2017-12-05T14:57:27","modified_gmt":"2017-12-05T14:57:27","slug":"deixa-na-regua-e-o-favela-e-moda-na-argentina","status":"publish","type":"post","link":"http:\/\/osmosefilmes.com.br\/site\/?p=1334","title":{"rendered":"<i>DEIXA NA R\u00c9GUA <\/i>  E O <i> FAVELA \u00c9 MODA <i\/> NA ARGENTINA"},"content":{"rendered":"<p><a href=\"http:\/\/osmosefilmes.com.br\/site\/?attachment_id=1335\" rel=\"attachment wp-att-1335\"><img loading=\"lazy\" class=\"size-large wp-image-1335 aligncenter\" alt=\"RAM\" src=\"http:\/\/osmosefilmes.com.br\/site\/wp-content\/uploads\/2017\/12\/RAM-1024x254.png\" width=\"604\" height=\"149\" srcset=\"http:\/\/osmosefilmes.com.br\/site\/wp-content\/uploads\/2017\/12\/RAM-1024x254.png 1024w, http:\/\/osmosefilmes.com.br\/site\/wp-content\/uploads\/2017\/12\/RAM-150x37.png 150w, http:\/\/osmosefilmes.com.br\/site\/wp-content\/uploads\/2017\/12\/RAM-300x74.png 300w, http:\/\/osmosefilmes.com.br\/site\/wp-content\/uploads\/2017\/12\/RAM.png 1393w\" sizes=\"(max-width: 604px) 100vw, 604px\" \/><\/a><\/p>\n<p>O <a href=\"https:\/\/www.facebook.com\/deixanaregua\/\">Deixa Na R\u00e9gua<\/a> foi selecionado para a <a href=\"https:\/\/www.facebook.com\/RAM.XII.2017\/\">RAM 2017 &#8211; Reuni\u00f3n de Antropolog\u00eda del Mercosur<\/a> e ser\u00e1 exibido 06\/12 \u00e0s 21h na Muestra de Cine Etnografico, Sesi\u00f3n 3 &#8211; Etnografias Urbanas II na Argentina!<\/p>\n<p>O diretor Em\u00edlio Domingos estar\u00e1 presente para debate ap\u00f3s a sess\u00e3o e tamb\u00e9m apresentar\u00e1 um trabalho sobre o seu novo projeto, o <a href=\"https:\/\/www.facebook.com\/favelaemoda\/\">Favela \u00c9 Moda<\/a> no GT de Antropologia Visual.<\/p>\n<p>Local: Biblioteca Popular de Posadas em Posadas, Misi\u00f3nes.<\/p>\n<p>Saiba mais <a href=\"https:\/\/www.facebook.com\/OsmoseFilmes\/\">clicando aqui<\/a>.<\/p>\n","protected":false},"excerpt":{"rendered":"<p>Amanh\u00e3 (06\/12) na RAM 2017!<\/p>\n","protected":false},"author":1,"featured_media":0,"comment_status":"open","ping_status":"open","sticky":false,"template":"","format":"standard","meta":[],"categories":[4],"tags":[],"_links":{"self":[{"href":"http:\/\/osmosefilmes.com.br\/site\/index.php?rest_route=\/wp\/v2\/posts\/1334"}],"collection":[{"href":"http:\/\/osmosefilmes.com.br\/site\/index.php?rest_route=\/wp\/v2\/posts"}],"about":[{"href":"http:\/\/osmosefilmes.com.br\/site\/index.php?rest_route=\/wp\/v2\/types\/post"}],"author":[{"embeddable":true,"href":"http:\/\/osmosefilmes.com.br\/site\/index.php?rest_route=\/wp\/v2\/users\/1"}],"replies":[{"embeddable":true,"href":"http:\/\/osmosefilmes.com.br\/site\/index.php?rest_route=%2Fwp%2Fv2%2Fcomments&post=1334"}],"version-history":[{"count":1,"href":"http:\/\/osmosefilmes.com.br\/site\/index.php?rest_route=\/wp\/v2\/posts\/1334\/revisions"}],"predecessor-version":[{"id":1336,"href":"http:\/\/osmosefilmes.com.br\/site\/index.php?rest_route=\/wp\/v2\/posts\/1334\/revisions\/1336"}],"wp:attachment":[{"href":"http:\/\/osmosefilmes.com.br\/site\/index.php?rest_route=%2Fwp%2Fv2%2Fmedia&parent=1334"}],"wp:term":[{"taxonomy":"category","embeddable":true,"href":"http:\/\/osmosefilmes.com.br\/site\/index.php?rest_route=%2Fwp%2Fv2%2Fcategories&post=1334"},{"taxonomy":"post_tag","embeddable":true,"href":"http:\/\/osmosefilmes.com.br\/site\/index.php?rest_route=%2Fwp%2Fv2%2Ftags&post=1334"}],"curies":[{"name":"wp","href":"https:\/\/api.w.org\/{rel}","templated":true}]}}