{"id":935,"date":"2017-03-15T20:05:13","date_gmt":"2017-03-15T20:05:13","guid":{"rendered":"http:\/\/osmosefilmes.com.br\/site\/?p=935"},"modified":"2017-03-15T20:15:48","modified_gmt":"2017-03-15T20:15:48","slug":"proxima-sessao-do-documenta-se-cineclube","status":"publish","type":"post","link":"http:\/\/osmosefilmes.com.br\/site\/?p=935","title":{"rendered":"Pr\u00f3xima sess\u00e3o do Documenta-se Cineclube"},"content":{"rendered":"<p><a href=\"http:\/\/osmosefilmes.com.br\/site\/?attachment_id=936\" rel=\"attachment wp-att-936\"><img loading=\"lazy\" class=\"alignnone size-full wp-image-936\" alt=\"17155964_1820421714842047_4233392231983147370_n\" src=\"http:\/\/osmosefilmes.com.br\/site\/wp-content\/uploads\/2017\/03\/17155964_1820421714842047_4233392231983147370_n.jpg\" width=\"425\" height=\"630\" srcset=\"http:\/\/osmosefilmes.com.br\/site\/wp-content\/uploads\/2017\/03\/17155964_1820421714842047_4233392231983147370_n.jpg 425w, http:\/\/osmosefilmes.com.br\/site\/wp-content\/uploads\/2017\/03\/17155964_1820421714842047_4233392231983147370_n-101x150.jpg 101w, http:\/\/osmosefilmes.com.br\/site\/wp-content\/uploads\/2017\/03\/17155964_1820421714842047_4233392231983147370_n-202x300.jpg 202w\" sizes=\"(max-width: 425px) 100vw, 425px\" \/><\/a><\/p>\n<p>No dia 21 de mar\u00e7o, ter\u00e7a-feira, \u00e0s 17h acontecer\u00e1 uma nova sess\u00e3o do <span style=\"text-decoration: underline;\">Documenta-se Cineclube<\/span> com o cl\u00e1ssico <i>O ABC da Greve<\/i> de Leon Hirszman (75min), no Rio Criativo (Liceu de Artes e Of\u00edcios), Rua Frederico Silva 86 \/ sala 713 &#8211; Centro, \u00e0 5 minutos de caminhada da esta\u00e7\u00e3o Central do metr\u00f4.<br \/>\nAp\u00f3s a exibi\u00e7\u00e3o, Felipe Mussel &#8211; Documentarista e t\u00e9cnico de som &#8211; e Simpl\u00edcio Neto &#8211; Documentarista, Prof de Cinema da ESPM e Roteirista do N\u00facleo de Cria\u00e7\u00e3o da Osmose Filmes &#8211; debater\u00e3o sobre o document\u00e1rio com a media\u00e7\u00e3o de Em\u00edlio Domingos &#8211; Documentarista.<\/p>\n<p>ENTRADA GRATUITA.<br \/>\n<a href=\" https:\/\/www.facebook.com\/events\/114317055765384\/\">Veja aqui mais informa\u00e7\u00f5es<\/a><\/p>\n","protected":false},"excerpt":{"rendered":"<p>Pr\u00f3xima sess\u00e3o dia 21 de mar\u00e7o com o cl\u00e1ssico \u201cO ABC da Greve\u201d de Leon Hirszman.<\/p>\n","protected":false},"author":1,"featured_media":0,"comment_status":"open","ping_status":"open","sticky":false,"template":"","format":"standard","meta":[],"categories":[4],"tags":[],"_links":{"self":[{"href":"http:\/\/osmosefilmes.com.br\/site\/index.php?rest_route=\/wp\/v2\/posts\/935"}],"collection":[{"href":"http:\/\/osmosefilmes.com.br\/site\/index.php?rest_route=\/wp\/v2\/posts"}],"about":[{"href":"http:\/\/osmosefilmes.com.br\/site\/index.php?rest_route=\/wp\/v2\/types\/post"}],"author":[{"embeddable":true,"href":"http:\/\/osmosefilmes.com.br\/site\/index.php?rest_route=\/wp\/v2\/users\/1"}],"replies":[{"embeddable":true,"href":"http:\/\/osmosefilmes.com.br\/site\/index.php?rest_route=%2Fwp%2Fv2%2Fcomments&post=935"}],"version-history":[{"count":3,"href":"http:\/\/osmosefilmes.com.br\/site\/index.php?rest_route=\/wp\/v2\/posts\/935\/revisions"}],"predecessor-version":[{"id":939,"href":"http:\/\/osmosefilmes.com.br\/site\/index.php?rest_route=\/wp\/v2\/posts\/935\/revisions\/939"}],"wp:attachment":[{"href":"http:\/\/osmosefilmes.com.br\/site\/index.php?rest_route=%2Fwp%2Fv2%2Fmedia&parent=935"}],"wp:term":[{"taxonomy":"category","embeddable":true,"href":"http:\/\/osmosefilmes.com.br\/site\/index.php?rest_route=%2Fwp%2Fv2%2Fcategories&post=935"},{"taxonomy":"post_tag","embeddable":true,"href":"http:\/\/osmosefilmes.com.br\/site\/index.php?rest_route=%2Fwp%2Fv2%2Ftags&post=935"}],"curies":[{"name":"wp","href":"https:\/\/api.w.org\/{rel}","templated":true}]}}